{"id":12351,"date":"2025-02-25T15:17:33","date_gmt":"2025-02-25T14:17:33","guid":{"rendered":"https:\/\/www.british-int-school.org.uk\/?p=12351"},"modified":"2025-05-26T20:31:31","modified_gmt":"2025-05-26T19:31:31","slug":"dan-otvorenh-vrata-u-predskolskim-grupama","status":"publish","type":"post","link":"https:\/\/www.british-int-school.org.uk\/sr\/dan-otvorenh-vrata-u-predskolskim-grupama\/","title":{"rendered":"Dan otvorenh vrata u pred\u0161kolskim grupama"},"content":{"rendered":"<p>Po\u0161tovani roditelji\/staratelji,<\/p>\n<p>Ne propustite priliku da saznate vi\u0161e o odli\u010dnim uslovima za razvoj i u\u010denje koje mo\u017eemo obezbediti va\u0161oj deci u pred\u0161kolskim grupama BIS-a.<\/p>\n<p>Pozivamo vas da do\u0111ete sa decom u na\u0161e prostorije u Beogradu, u \u017dupana Vlastimira 8 na Dedinju\u00a0 u\u00a0<strong>petak, 14. marta od 9:00 do 14:00 \u010dasova<\/strong>\u00a0kada \u0107emo organizovati dan otvorenih vrata za posete. Ovo \u0107e biti prilika da se roditelji upoznaju sa \u0161kolskim okru\u017eenjem i na\u0161im inovativnim obrazovnim programom za najmla\u0111e u\u010denike.<\/p>\n<p>Za vi\u0161e informacija, molim vas pogledajte video:<br \/>\n<a href=\"https:\/\/www.facebook.com\/BISBelgrade\/videos\/437579946105089\/?rdid=ranKucHKcfeBxpld#\">https:\/\/www.facebook.com\/BISBelgrade\/videos\/437579946105089\/?rdid=ranKucHKcfeBxpld#<\/a><\/p>\n","protected":false},"excerpt":{"rendered":"<p>Po\u0161tovani roditelji\/staratelji, Ne propustite priliku da saznate vi\u0161e o odli\u010dnim uslovima za razvoj i u\u010denje koje mo\u017eemo obezbediti va\u0161oj deci [&hellip;]<\/p>\n","protected":false},"author":14,"featured_media":12349,"comment_status":"closed","ping_status":"closed","sticky":false,"template":"","format":"standard","meta":{"footnotes":""},"categories":[549],"tags":[350,579,571,577,576,572,581,580,582,578],"class_list":["post-12351","post","type-post","status-publish","format-standard","has-post-thumbnail","hentry","category-2024-25-2","tag-bis-sr","tag-dan","tag-dan-otvorenh-vrata","tag-otvorena","tag-otvorena-vrata","tag-predskolske-grupe","tag-roditelji","tag-skola","tag-ucenje","tag-vrata"],"yoast_head":"<!-- This site is optimized with the Yoast SEO plugin v27.4 - https:\/\/yoast.com\/product\/yoast-seo-wordpress\/ -->\n<title>Dan otvorenh vrata u pred\u0161kolskim grupama | British International School<\/title>\n<meta name=\"description\" content=\"Ne propustite priliku da saznate vi\u0161e o odli\u010dnim uslovima za razvoj i u\u010denje koje mo\u017eemo obezbediti va\u0161oj deci u pred\u0161kolskim grupama BIS-a.\" \/>\n<meta name=\"robots\" content=\"index, follow, max-snippet:-1, max-image-preview:large, max-video-preview:-1\" \/>\n<link rel=\"canonical\" href=\"https:\/\/www.british-int-school.org.uk\/sr\/dan-otvorenh-vrata-u-predskolskim-grupama\/\" \/>\n<meta property=\"og:locale\" content=\"sr_RS\" \/>\n<meta property=\"og:type\" content=\"article\" \/>\n<meta property=\"og:title\" content=\"Dan otvorenh vrata u pred\u0161kolskim grupama | British International School\" \/>\n<meta property=\"og:description\" content=\"Ne propustite priliku da saznate vi\u0161e o odli\u010dnim uslovima za razvoj i u\u010denje koje mo\u017eemo obezbediti va\u0161oj deci u pred\u0161kolskim grupama BIS-a.\" \/>\n<meta property=\"og:url\" content=\"https:\/\/www.british-int-school.org.uk\/sr\/dan-otvorenh-vrata-u-predskolskim-grupama\/\" \/>\n<meta property=\"og:site_name\" content=\"British International School\" \/>\n<meta property=\"article:published_time\" content=\"2025-02-25T14:17:33+00:00\" \/>\n<meta property=\"article:modified_time\" content=\"2025-05-26T19:31:31+00:00\" \/>\n<meta property=\"og:image\" content=\"https:\/\/www.british-int-school.org.uk\/wp-content\/uploads\/2025\/02\/Tumb_Naomy.jpg\" \/>\n\t<meta property=\"og:image:width\" content=\"400\" \/>\n\t<meta property=\"og:image:height\" content=\"400\" \/>\n\t<meta property=\"og:image:type\" content=\"image\/jpeg\" \/>\n<meta name=\"author\" content=\"Aleksandar Certic\" \/>\n<meta name=\"twitter:card\" content=\"summary_large_image\" \/>\n<meta name=\"twitter:label1\" content=\"Napisano od\" \/>\n\t<meta name=\"twitter:data1\" content=\"Aleksandar Certic\" \/>\n\t<meta name=\"twitter:label2\" content=\"Procenjeno vreme \u010ditanja\" \/>\n\t<meta name=\"twitter:data2\" content=\"1 minut\" \/>\n<script type=\"application\/ld+json\" class=\"yoast-schema-graph\">{\"@context\":\"https:\\\/\\\/schema.org\",\"@graph\":[{\"@type\":\"Article\",\"@id\":\"https:\\\/\\\/www.british-int-school.org.uk\\\/sr\\\/dan-otvorenh-vrata-u-predskolskim-grupama\\\/#article\",\"isPartOf\":{\"@id\":\"https:\\\/\\\/www.british-int-school.org.uk\\\/sr\\\/dan-otvorenh-vrata-u-predskolskim-grupama\\\/\"},\"author\":{\"name\":\"Aleksandar Certic\",\"@id\":\"https:\\\/\\\/www.british-int-school.org.uk\\\/#\\\/schema\\\/person\\\/416e06910d94c2c510af41aff46e3846\"},\"headline\":\"Dan otvorenh vrata u pred\u0161kolskim grupama\",\"datePublished\":\"2025-02-25T14:17:33+00:00\",\"dateModified\":\"2025-05-26T19:31:31+00:00\",\"mainEntityOfPage\":{\"@id\":\"https:\\\/\\\/www.british-int-school.org.uk\\\/sr\\\/dan-otvorenh-vrata-u-predskolskim-grupama\\\/\"},\"wordCount\":110,\"publisher\":{\"@id\":\"https:\\\/\\\/www.british-int-school.org.uk\\\/#organization\"},\"image\":{\"@id\":\"https:\\\/\\\/www.british-int-school.org.uk\\\/sr\\\/dan-otvorenh-vrata-u-predskolskim-grupama\\\/#primaryimage\"},\"thumbnailUrl\":\"https:\\\/\\\/www.british-int-school.org.uk\\\/wp-content\\\/uploads\\\/2025\\\/02\\\/Tumb_Naomy.jpg\",\"keywords\":[\"bis\",\"dan\",\"Dan otvorenh vrata\",\"otvorena\",\"otvorena vrata\",\"pred\u0161kolske grupe\",\"roditelji\",\"\u0161kola\",\"u\u0107enje\",\"vrata\"],\"articleSection\":[\"2024\\\/25\"],\"inLanguage\":\"sr-RS\"},{\"@type\":\"WebPage\",\"@id\":\"https:\\\/\\\/www.british-int-school.org.uk\\\/sr\\\/dan-otvorenh-vrata-u-predskolskim-grupama\\\/\",\"url\":\"https:\\\/\\\/www.british-int-school.org.uk\\\/sr\\\/dan-otvorenh-vrata-u-predskolskim-grupama\\\/\",\"name\":\"Dan otvorenh vrata u pred\u0161kolskim grupama | British International School\",\"isPartOf\":{\"@id\":\"https:\\\/\\\/www.british-int-school.org.uk\\\/#website\"},\"primaryImageOfPage\":{\"@id\":\"https:\\\/\\\/www.british-int-school.org.uk\\\/sr\\\/dan-otvorenh-vrata-u-predskolskim-grupama\\\/#primaryimage\"},\"image\":{\"@id\":\"https:\\\/\\\/www.british-int-school.org.uk\\\/sr\\\/dan-otvorenh-vrata-u-predskolskim-grupama\\\/#primaryimage\"},\"thumbnailUrl\":\"https:\\\/\\\/www.british-int-school.org.uk\\\/wp-content\\\/uploads\\\/2025\\\/02\\\/Tumb_Naomy.jpg\",\"datePublished\":\"2025-02-25T14:17:33+00:00\",\"dateModified\":\"2025-05-26T19:31:31+00:00\",\"description\":\"Ne propustite priliku da saznate vi\u0161e o odli\u010dnim uslovima za razvoj i u\u010denje koje mo\u017eemo obezbediti va\u0161oj deci u pred\u0161kolskim grupama BIS-a.\",\"breadcrumb\":{\"@id\":\"https:\\\/\\\/www.british-int-school.org.uk\\\/sr\\\/dan-otvorenh-vrata-u-predskolskim-grupama\\\/#breadcrumb\"},\"inLanguage\":\"sr-RS\",\"potentialAction\":[{\"@type\":\"ReadAction\",\"target\":[\"https:\\\/\\\/www.british-int-school.org.uk\\\/sr\\\/dan-otvorenh-vrata-u-predskolskim-grupama\\\/\"]}]},{\"@type\":\"ImageObject\",\"inLanguage\":\"sr-RS\",\"@id\":\"https:\\\/\\\/www.british-int-school.org.uk\\\/sr\\\/dan-otvorenh-vrata-u-predskolskim-grupama\\\/#primaryimage\",\"url\":\"https:\\\/\\\/www.british-int-school.org.uk\\\/wp-content\\\/uploads\\\/2025\\\/02\\\/Tumb_Naomy.jpg\",\"contentUrl\":\"https:\\\/\\\/www.british-int-school.org.uk\\\/wp-content\\\/uploads\\\/2025\\\/02\\\/Tumb_Naomy.jpg\",\"width\":400,\"height\":400,\"caption\":\"BIS - Tumb_Naomy_BIS\"},{\"@type\":\"BreadcrumbList\",\"@id\":\"https:\\\/\\\/www.british-int-school.org.uk\\\/sr\\\/dan-otvorenh-vrata-u-predskolskim-grupama\\\/#breadcrumb\",\"itemListElement\":[{\"@type\":\"ListItem\",\"position\":1,\"name\":\"Home\",\"item\":\"https:\\\/\\\/www.british-int-school.org.uk\\\/sr\\\/\"},{\"@type\":\"ListItem\",\"position\":2,\"name\":\"Dan otvorenh vrata u pred\u0161kolskim grupama\"}]},{\"@type\":\"WebSite\",\"@id\":\"https:\\\/\\\/www.british-int-school.org.uk\\\/#website\",\"url\":\"https:\\\/\\\/www.british-int-school.org.uk\\\/\",\"name\":\"British International School\",\"description\":\"\",\"publisher\":{\"@id\":\"https:\\\/\\\/www.british-int-school.org.uk\\\/#organization\"},\"potentialAction\":[{\"@type\":\"SearchAction\",\"target\":{\"@type\":\"EntryPoint\",\"urlTemplate\":\"https:\\\/\\\/www.british-int-school.org.uk\\\/?s={search_term_string}\"},\"query-input\":{\"@type\":\"PropertyValueSpecification\",\"valueRequired\":true,\"valueName\":\"search_term_string\"}}],\"inLanguage\":\"sr-RS\"},{\"@type\":\"Organization\",\"@id\":\"https:\\\/\\\/www.british-int-school.org.uk\\\/#organization\",\"name\":\"British International School\",\"url\":\"https:\\\/\\\/www.british-int-school.org.uk\\\/\",\"logo\":{\"@type\":\"ImageObject\",\"inLanguage\":\"sr-RS\",\"@id\":\"https:\\\/\\\/www.british-int-school.org.uk\\\/#\\\/schema\\\/logo\\\/image\\\/\",\"url\":\"https:\\\/\\\/www.british-int-school.org.uk\\\/wp-content\\\/uploads\\\/2017\\\/09\\\/Logo-BIS-150.jpg\",\"contentUrl\":\"https:\\\/\\\/www.british-int-school.org.uk\\\/wp-content\\\/uploads\\\/2017\\\/09\\\/Logo-BIS-150.jpg\",\"width\":150,\"height\":150,\"caption\":\"British International School\"},\"image\":{\"@id\":\"https:\\\/\\\/www.british-int-school.org.uk\\\/#\\\/schema\\\/logo\\\/image\\\/\"}},{\"@type\":\"Person\",\"@id\":\"https:\\\/\\\/www.british-int-school.org.uk\\\/#\\\/schema\\\/person\\\/416e06910d94c2c510af41aff46e3846\",\"name\":\"Aleksandar Certic\",\"image\":{\"@type\":\"ImageObject\",\"inLanguage\":\"sr-RS\",\"@id\":\"https:\\\/\\\/secure.gravatar.com\\\/avatar\\\/16c0cd80588ef6f0fe76396e19e62ce6418ebebd54062cea405c579968f4d4a8?s=96&d=mm&r=g\",\"url\":\"https:\\\/\\\/secure.gravatar.com\\\/avatar\\\/16c0cd80588ef6f0fe76396e19e62ce6418ebebd54062cea405c579968f4d4a8?s=96&d=mm&r=g\",\"contentUrl\":\"https:\\\/\\\/secure.gravatar.com\\\/avatar\\\/16c0cd80588ef6f0fe76396e19e62ce6418ebebd54062cea405c579968f4d4a8?s=96&d=mm&r=g\",\"caption\":\"Aleksandar Certic\"},\"url\":\"https:\\\/\\\/www.british-int-school.org.uk\\\/sr\\\/author\\\/aca\\\/\"}]}<\/script>\n<!-- \/ Yoast SEO plugin. -->","yoast_head_json":{"title":"Dan otvorenh vrata u pred\u0161kolskim grupama | British International School","description":"Ne propustite priliku da saznate vi\u0161e o odli\u010dnim uslovima za razvoj i u\u010denje koje mo\u017eemo obezbediti va\u0161oj deci u pred\u0161kolskim grupama BIS-a.","robots":{"index":"index","follow":"follow","max-snippet":"max-snippet:-1","max-image-preview":"max-image-preview:large","max-video-preview":"max-video-preview:-1"},"canonical":"https:\/\/www.british-int-school.org.uk\/sr\/dan-otvorenh-vrata-u-predskolskim-grupama\/","og_locale":"sr_RS","og_type":"article","og_title":"Dan otvorenh vrata u pred\u0161kolskim grupama | British International School","og_description":"Ne propustite priliku da saznate vi\u0161e o odli\u010dnim uslovima za razvoj i u\u010denje koje mo\u017eemo obezbediti va\u0161oj deci u pred\u0161kolskim grupama BIS-a.","og_url":"https:\/\/www.british-int-school.org.uk\/sr\/dan-otvorenh-vrata-u-predskolskim-grupama\/","og_site_name":"British International School","article_published_time":"2025-02-25T14:17:33+00:00","article_modified_time":"2025-05-26T19:31:31+00:00","og_image":[{"width":400,"height":400,"url":"https:\/\/www.british-int-school.org.uk\/wp-content\/uploads\/2025\/02\/Tumb_Naomy.jpg","type":"image\/jpeg"}],"author":"Aleksandar Certic","twitter_card":"summary_large_image","twitter_misc":{"Napisano od":"Aleksandar Certic","Procenjeno vreme \u010ditanja":"1 minut"},"schema":{"@context":"https:\/\/schema.org","@graph":[{"@type":"Article","@id":"https:\/\/www.british-int-school.org.uk\/sr\/dan-otvorenh-vrata-u-predskolskim-grupama\/#article","isPartOf":{"@id":"https:\/\/www.british-int-school.org.uk\/sr\/dan-otvorenh-vrata-u-predskolskim-grupama\/"},"author":{"name":"Aleksandar Certic","@id":"https:\/\/www.british-int-school.org.uk\/#\/schema\/person\/416e06910d94c2c510af41aff46e3846"},"headline":"Dan otvorenh vrata u pred\u0161kolskim grupama","datePublished":"2025-02-25T14:17:33+00:00","dateModified":"2025-05-26T19:31:31+00:00","mainEntityOfPage":{"@id":"https:\/\/www.british-int-school.org.uk\/sr\/dan-otvorenh-vrata-u-predskolskim-grupama\/"},"wordCount":110,"publisher":{"@id":"https:\/\/www.british-int-school.org.uk\/#organization"},"image":{"@id":"https:\/\/www.british-int-school.org.uk\/sr\/dan-otvorenh-vrata-u-predskolskim-grupama\/#primaryimage"},"thumbnailUrl":"https:\/\/www.british-int-school.org.uk\/wp-content\/uploads\/2025\/02\/Tumb_Naomy.jpg","keywords":["bis","dan","Dan otvorenh vrata","otvorena","otvorena vrata","pred\u0161kolske grupe","roditelji","\u0161kola","u\u0107enje","vrata"],"articleSection":["2024\/25"],"inLanguage":"sr-RS"},{"@type":"WebPage","@id":"https:\/\/www.british-int-school.org.uk\/sr\/dan-otvorenh-vrata-u-predskolskim-grupama\/","url":"https:\/\/www.british-int-school.org.uk\/sr\/dan-otvorenh-vrata-u-predskolskim-grupama\/","name":"Dan otvorenh vrata u pred\u0161kolskim grupama | British International School","isPartOf":{"@id":"https:\/\/www.british-int-school.org.uk\/#website"},"primaryImageOfPage":{"@id":"https:\/\/www.british-int-school.org.uk\/sr\/dan-otvorenh-vrata-u-predskolskim-grupama\/#primaryimage"},"image":{"@id":"https:\/\/www.british-int-school.org.uk\/sr\/dan-otvorenh-vrata-u-predskolskim-grupama\/#primaryimage"},"thumbnailUrl":"https:\/\/www.british-int-school.org.uk\/wp-content\/uploads\/2025\/02\/Tumb_Naomy.jpg","datePublished":"2025-02-25T14:17:33+00:00","dateModified":"2025-05-26T19:31:31+00:00","description":"Ne propustite priliku da saznate vi\u0161e o odli\u010dnim uslovima za razvoj i u\u010denje koje mo\u017eemo obezbediti va\u0161oj deci u pred\u0161kolskim grupama BIS-a.","breadcrumb":{"@id":"https:\/\/www.british-int-school.org.uk\/sr\/dan-otvorenh-vrata-u-predskolskim-grupama\/#breadcrumb"},"inLanguage":"sr-RS","potentialAction":[{"@type":"ReadAction","target":["https:\/\/www.british-int-school.org.uk\/sr\/dan-otvorenh-vrata-u-predskolskim-grupama\/"]}]},{"@type":"ImageObject","inLanguage":"sr-RS","@id":"https:\/\/www.british-int-school.org.uk\/sr\/dan-otvorenh-vrata-u-predskolskim-grupama\/#primaryimage","url":"https:\/\/www.british-int-school.org.uk\/wp-content\/uploads\/2025\/02\/Tumb_Naomy.jpg","contentUrl":"https:\/\/www.british-int-school.org.uk\/wp-content\/uploads\/2025\/02\/Tumb_Naomy.jpg","width":400,"height":400,"caption":"BIS - Tumb_Naomy_BIS"},{"@type":"BreadcrumbList","@id":"https:\/\/www.british-int-school.org.uk\/sr\/dan-otvorenh-vrata-u-predskolskim-grupama\/#breadcrumb","itemListElement":[{"@type":"ListItem","position":1,"name":"Home","item":"https:\/\/www.british-int-school.org.uk\/sr\/"},{"@type":"ListItem","position":2,"name":"Dan otvorenh vrata u pred\u0161kolskim grupama"}]},{"@type":"WebSite","@id":"https:\/\/www.british-int-school.org.uk\/#website","url":"https:\/\/www.british-int-school.org.uk\/","name":"British International School","description":"","publisher":{"@id":"https:\/\/www.british-int-school.org.uk\/#organization"},"potentialAction":[{"@type":"SearchAction","target":{"@type":"EntryPoint","urlTemplate":"https:\/\/www.british-int-school.org.uk\/?s={search_term_string}"},"query-input":{"@type":"PropertyValueSpecification","valueRequired":true,"valueName":"search_term_string"}}],"inLanguage":"sr-RS"},{"@type":"Organization","@id":"https:\/\/www.british-int-school.org.uk\/#organization","name":"British International School","url":"https:\/\/www.british-int-school.org.uk\/","logo":{"@type":"ImageObject","inLanguage":"sr-RS","@id":"https:\/\/www.british-int-school.org.uk\/#\/schema\/logo\/image\/","url":"https:\/\/www.british-int-school.org.uk\/wp-content\/uploads\/2017\/09\/Logo-BIS-150.jpg","contentUrl":"https:\/\/www.british-int-school.org.uk\/wp-content\/uploads\/2017\/09\/Logo-BIS-150.jpg","width":150,"height":150,"caption":"British International School"},"image":{"@id":"https:\/\/www.british-int-school.org.uk\/#\/schema\/logo\/image\/"}},{"@type":"Person","@id":"https:\/\/www.british-int-school.org.uk\/#\/schema\/person\/416e06910d94c2c510af41aff46e3846","name":"Aleksandar Certic","image":{"@type":"ImageObject","inLanguage":"sr-RS","@id":"https:\/\/secure.gravatar.com\/avatar\/16c0cd80588ef6f0fe76396e19e62ce6418ebebd54062cea405c579968f4d4a8?s=96&d=mm&r=g","url":"https:\/\/secure.gravatar.com\/avatar\/16c0cd80588ef6f0fe76396e19e62ce6418ebebd54062cea405c579968f4d4a8?s=96&d=mm&r=g","contentUrl":"https:\/\/secure.gravatar.com\/avatar\/16c0cd80588ef6f0fe76396e19e62ce6418ebebd54062cea405c579968f4d4a8?s=96&d=mm&r=g","caption":"Aleksandar Certic"},"url":"https:\/\/www.british-int-school.org.uk\/sr\/author\/aca\/"}]}},"_links":{"self":[{"href":"https:\/\/www.british-int-school.org.uk\/sr\/wp-json\/wp\/v2\/posts\/12351","targetHints":{"allow":["GET"]}}],"collection":[{"href":"https:\/\/www.british-int-school.org.uk\/sr\/wp-json\/wp\/v2\/posts"}],"about":[{"href":"https:\/\/www.british-int-school.org.uk\/sr\/wp-json\/wp\/v2\/types\/post"}],"author":[{"embeddable":true,"href":"https:\/\/www.british-int-school.org.uk\/sr\/wp-json\/wp\/v2\/users\/14"}],"replies":[{"embeddable":true,"href":"https:\/\/www.british-int-school.org.uk\/sr\/wp-json\/wp\/v2\/comments?post=12351"}],"version-history":[{"count":0,"href":"https:\/\/www.british-int-school.org.uk\/sr\/wp-json\/wp\/v2\/posts\/12351\/revisions"}],"wp:featuredmedia":[{"embeddable":true,"href":"https:\/\/www.british-int-school.org.uk\/sr\/wp-json\/wp\/v2\/media\/12349"}],"wp:attachment":[{"href":"https:\/\/www.british-int-school.org.uk\/sr\/wp-json\/wp\/v2\/media?parent=12351"}],"wp:term":[{"taxonomy":"category","embeddable":true,"href":"https:\/\/www.british-int-school.org.uk\/sr\/wp-json\/wp\/v2\/categories?post=12351"},{"taxonomy":"post_tag","embeddable":true,"href":"https:\/\/www.british-int-school.org.uk\/sr\/wp-json\/wp\/v2\/tags?post=12351"}],"curies":[{"name":"wp","href":"https:\/\/api.w.org\/{rel}","templated":true}]}}